{"id":7234,"date":"2017-09-13T16:24:09","date_gmt":"2017-09-13T16:24:09","guid":{"rendered":"https:\/\/ted.adventist.org\/sitenews\/2017\/09\/13\/marusevec-school-opens-new-dormitory\/"},"modified":"2017-09-13T16:24:09","modified_gmt":"2017-09-13T16:24:09","slug":"marusevec-school-opens-new-dormitory","status":"publish","type":"post","link":"https:\/\/ted.adventist.org\/news\/marusevec-school-opens-new-dormitory\/","title":{"rendered":"Maru\u0161evec school opens new dormitory"},"content":{"rendered":"<p>13 September 2017 |&nbsp;Maru\u0161evec [\u0110ur\u0111ica Garvanovi\u0107-Porobija\/<em>ted<\/em>NEWS]&nbsp;A brand new dormitory, part funded by Sabbath School world mission offerings, will provide help to students from broken homes and socially deprived areas, as well as serving the needs of Adventist and community students from across Croatia.<\/p>\n<p><a href=\"https:\/\/ted.adventist.org\/sitenews\/wp-content\/uploads\/2017\/09\/images_news-2017_Dormitory_Marusevec.jpg\" target=\"_blank\" rel=\"noopener noreferrer\"><img loading=\"lazy\" decoding=\"async\" class=\" alignleft size-full wp-image-7231\" src=\"https:\/\/ted.adventist.org\/sitenews\/wp-content\/uploads\/2017\/09\/images_news-2017_Dormitory_Marusevec.jpg\" alt=\"Dormitory Marusevec\" width=\"250\" height=\"141\" style=\"margin: 5px; float: left;\" srcset=\"https:\/\/ted.adventist.org\/news\/wp-content\/uploads\/2017\/09\/images_news-2017_Dormitory_Marusevec.jpg 1200w, https:\/\/ted.adventist.org\/news\/wp-content\/uploads\/2017\/09\/images_news-2017_Dormitory_Marusevec-300x169.jpg 300w, https:\/\/ted.adventist.org\/news\/wp-content\/uploads\/2017\/09\/images_news-2017_Dormitory_Marusevec-1024x576.jpg 1024w, https:\/\/ted.adventist.org\/news\/wp-content\/uploads\/2017\/09\/images_news-2017_Dormitory_Marusevec-768x432.jpg 768w, https:\/\/ted.adventist.org\/news\/wp-content\/uploads\/2017\/09\/images_news-2017_Dormitory_Marusevec-500x280.jpg 500w, https:\/\/ted.adventist.org\/news\/wp-content\/uploads\/2017\/09\/images_news-2017_Dormitory_Marusevec-800x450.jpg 800w, https:\/\/ted.adventist.org\/news\/wp-content\/uploads\/2017\/09\/images_news-2017_Dormitory_Marusevec-1100x619.jpg 1100w, https:\/\/ted.adventist.org\/news\/wp-content\/uploads\/2017\/09\/images_news-2017_Dormitory_Marusevec-350x197.jpg 350w, https:\/\/ted.adventist.org\/news\/wp-content\/uploads\/2017\/09\/images_news-2017_Dormitory_Marusevec-700x394.jpg 700w, https:\/\/ted.adventist.org\/news\/wp-content\/uploads\/2017\/09\/images_news-2017_Dormitory_Marusevec-900x506.jpg 900w, https:\/\/ted.adventist.org\/news\/wp-content\/uploads\/2017\/09\/images_news-2017_Dormitory_Marusevec-560x315.jpg 560w\" sizes=\"auto, (max-width: 250px) 100vw, 250px\" \/><\/a>The state-of-art, fully equipped building opened its doors in a special ceremony on Saturday, 2 September 2017, completing much needed student residence halls at the Secondary School in Maru\u0161evec.&nbsp;<\/p>\n<p>The one-year building project cost a total of 5,500,000 Kuna (736,000 Euros), raised by significant voluntary contributions from church members, former students and generous individuals, and a grant from the Trans-European Division in addition to the Sabbath School World Mission offering.<\/p>\n<p><a href=\"https:\/\/ted.adventist.org\/sitenews\/wp-content\/uploads\/2017\/09\/images_news-2017_dormitory_marusevec1.jpg\" target=\"_blank\" rel=\"noopener noreferrer\"><img loading=\"lazy\" decoding=\"async\" class=\" alignright size-full wp-image-7232\" src=\"https:\/\/ted.adventist.org\/sitenews\/wp-content\/uploads\/2017\/09\/images_news-2017_dormitory_marusevec1.jpg\" alt=\"dormitory marusevec1\" width=\"250\" height=\"167\" style=\"margin: 5px; float: right;\" srcset=\"https:\/\/ted.adventist.org\/news\/wp-content\/uploads\/2017\/09\/images_news-2017_dormitory_marusevec1.jpg 1200w, https:\/\/ted.adventist.org\/news\/wp-content\/uploads\/2017\/09\/images_news-2017_dormitory_marusevec1-300x200.jpg 300w, https:\/\/ted.adventist.org\/news\/wp-content\/uploads\/2017\/09\/images_news-2017_dormitory_marusevec1-1024x683.jpg 1024w, https:\/\/ted.adventist.org\/news\/wp-content\/uploads\/2017\/09\/images_news-2017_dormitory_marusevec1-768x512.jpg 768w, https:\/\/ted.adventist.org\/news\/wp-content\/uploads\/2017\/09\/images_news-2017_dormitory_marusevec1-350x233.jpg 350w, https:\/\/ted.adventist.org\/news\/wp-content\/uploads\/2017\/09\/images_news-2017_dormitory_marusevec1-700x467.jpg 700w, https:\/\/ted.adventist.org\/news\/wp-content\/uploads\/2017\/09\/images_news-2017_dormitory_marusevec1-900x600.jpg 900w, https:\/\/ted.adventist.org\/news\/wp-content\/uploads\/2017\/09\/images_news-2017_dormitory_marusevec1-1100x733.jpg 1100w, https:\/\/ted.adventist.org\/news\/wp-content\/uploads\/2017\/09\/images_news-2017_dormitory_marusevec1-560x373.jpg 560w\" sizes=\"auto, (max-width: 250px) 100vw, 250px\" \/><\/a>Among the dignitaries who attended the Sabbath worship services and the official opening were a group of Croatian church members from Australia \u2013 significant donors who rejoiced with Adriatic Union president, Pastor Drago Mojze\u0161; Executive Secretary, Neven Kla\u010dmer; Treasurer, Nebojsa Milovanovi\u0107; Construction Department director, Branimir Hudek Tomek, who organised the construction; and Communication director, Darko Kova\u010devi\u0107, who, with the singing group Agape, created a joyous atmosphere of gratitude to God.<\/p>\n<p>They joined with residence hall staff, School, municipal and county officials, and a large number of donors and friends whose voluntary donations contributed to building the new dormitory with twenty comfortable double rooms.<\/p>\n<p>Radimir \u010ca\u010di\u0107, a Vara\u017edin county prefect, his deputy Tomislav Paljak, and the head of the Department of Education, Culture and Sport, Dr Miroslav Hu\u0111ek, together with Tomislav Pajtlar, head of protocol, expressed their pleasure in supporting a school which, by its quality, contributes significantly to the county school system.<\/p>\n<p>This is a remarkable change of heart for a school which attracted a significant amount of prejudice from the local community when it was established 47 years ago.&nbsp; Today, leaders of that same community strongly support the school and express their appreciation for it.&nbsp; This includes the Maru\u0161evec Mayor, Damir \u0160prem; Deputy Chief of Staff Mario Klapsa, and local councilors, Blanka Glavica Je\u010dmenica and Branko Mavrek who, together with the parish priest, Krunoslav Milovec, all attended the ceremony.&nbsp;<\/p>\n<p><a href=\"https:\/\/ted.adventist.org\/sitenews\/wp-content\/uploads\/2017\/09\/images_news-2017_dormitory_marisevec_opening_cermony.jpg\" target=\"_blank\" rel=\"noopener noreferrer\"><img loading=\"lazy\" decoding=\"async\" class=\" alignleft size-full wp-image-7233\" src=\"https:\/\/ted.adventist.org\/sitenews\/wp-content\/uploads\/2017\/09\/images_news-2017_dormitory_marisevec_opening_cermony.jpg\" alt=\"dormitory marisevec opening cermony\" width=\"250\" height=\"167\" style=\"margin: 5px; float: left;\" srcset=\"https:\/\/ted.adventist.org\/news\/wp-content\/uploads\/2017\/09\/images_news-2017_dormitory_marisevec_opening_cermony.jpg 1200w, https:\/\/ted.adventist.org\/news\/wp-content\/uploads\/2017\/09\/images_news-2017_dormitory_marisevec_opening_cermony-300x200.jpg 300w, https:\/\/ted.adventist.org\/news\/wp-content\/uploads\/2017\/09\/images_news-2017_dormitory_marisevec_opening_cermony-1024x683.jpg 1024w, https:\/\/ted.adventist.org\/news\/wp-content\/uploads\/2017\/09\/images_news-2017_dormitory_marisevec_opening_cermony-768x512.jpg 768w, https:\/\/ted.adventist.org\/news\/wp-content\/uploads\/2017\/09\/images_news-2017_dormitory_marisevec_opening_cermony-350x233.jpg 350w, https:\/\/ted.adventist.org\/news\/wp-content\/uploads\/2017\/09\/images_news-2017_dormitory_marisevec_opening_cermony-700x467.jpg 700w, https:\/\/ted.adventist.org\/news\/wp-content\/uploads\/2017\/09\/images_news-2017_dormitory_marisevec_opening_cermony-900x600.jpg 900w, https:\/\/ted.adventist.org\/news\/wp-content\/uploads\/2017\/09\/images_news-2017_dormitory_marisevec_opening_cermony-1100x733.jpg 1100w, https:\/\/ted.adventist.org\/news\/wp-content\/uploads\/2017\/09\/images_news-2017_dormitory_marisevec_opening_cermony-560x373.jpg 560w\" sizes=\"auto, (max-width: 250px) 100vw, 250px\" \/><\/a>In opening the new dormitory, School principal, Dr \u0110ur\u0111ica Garvanovi\u0107-Porobija, said that the building would serve in an exciting school mission. This would include the school\u2019s social mission in teaching members of minority and majority groups to live together as friends, brothers and sisters. \u201cSecondly,\u201d she said, \u201can important mission for the dormitory is to provide a family environment for students coming from broken homes or from social deprivation.\u201d&nbsp; She concluded, \u201cIt is a special mission of our student residence halls to direct young people to each other, to forget about themselves and by the example of Jesus, the Saviour learn how to show compassion to those who suffer.\u201d<\/p>\n<p>Together with the girls&#8217; dormitory, the school is home to 106 students from almost every county in Croatia. The total number of students is 259.<\/p>\n<p>Visit the <a href=\"http:\/\/ss-marusevec.skole.hr\/\" target=\"_blank\" rel=\"noopener noreferrer\">school website<\/a> to find out more. [<em>ted<\/em>NEWS]<\/p>\n<hr \/>\n<p><em>ted<\/em>NEWS Staff: Victor Hulbert, editor; Deana Stojkovic, associate editor<br \/>119 St Peter&#8217;s Street, St Albans, Herts, AL1 3EY, England<br \/>E-mail:&nbsp;<span id=\"cloak1c6082dd5c87472bbc711a29faff2a9b\"><span id=\"cloak9104de432f8c33bf066dc06fdea34021\"><span id=\"cloak358cf9f50b7de1531be507ca8b1b4fb0\"><span id=\"cloak26dd4548b6fcc49a1a6b1d2840d8842d\"><span id=\"cloak910cff3318e3d5166bd1017ff235a582\"><span id=\"cloak58a0c9b1c1b6efee4cc2d7157a0e2e41\"><a href=\"mailto:tedNEWS@ted.adventist.org?subject=tedNEWS\">tednews@ted.adventist.org<\/a><\/span><\/span><\/span><\/span><\/span>&nbsp;<\/span><br \/>Website: www.ted.adventist.org<br \/><em>ted<\/em>NEWS is an information bulletin issued by the communication department of the Seventh-day Adventist Church in the Trans-European Division.<\/p>\n","protected":false},"excerpt":{"rendered":"<p>13 September 2017 |&nbsp;Maru\u0161evec [\u0110ur\u0111ica Garvanovi\u0107-Porobija\/<em>ted<\/em>NEWS]&nbsp;A brand new dormitory, part funded by Sabbath School world mission offerings, will provide help to students from broken homes and socially deprived areas, as well as serving the needs of Adventist and community students from across Croatia.<\/p>\n","protected":false},"author":2,"featured_media":7230,"comment_status":"open","ping_status":"open","sticky":false,"template":"","format":"standard","meta":{"inline_featured_image":false,"footnotes":""},"categories":[1571,7],"tags":[],"class_list":["post-7234","post","type-post","status-publish","format-standard","has-post-thumbnail","hentry","category-education-educational-entities","category-news"],"_links":{"self":[{"href":"https:\/\/ted.adventist.org\/news\/wp-json\/wp\/v2\/posts\/7234","targetHints":{"allow":["GET"]}}],"collection":[{"href":"https:\/\/ted.adventist.org\/news\/wp-json\/wp\/v2\/posts"}],"about":[{"href":"https:\/\/ted.adventist.org\/news\/wp-json\/wp\/v2\/types\/post"}],"author":[{"embeddable":true,"href":"https:\/\/ted.adventist.org\/news\/wp-json\/wp\/v2\/users\/2"}],"replies":[{"embeddable":true,"href":"https:\/\/ted.adventist.org\/news\/wp-json\/wp\/v2\/comments?post=7234"}],"version-history":[{"count":0,"href":"https:\/\/ted.adventist.org\/news\/wp-json\/wp\/v2\/posts\/7234\/revisions"}],"wp:featuredmedia":[{"embeddable":true,"href":"https:\/\/ted.adventist.org\/news\/wp-json\/wp\/v2\/media\/7230"}],"wp:attachment":[{"href":"https:\/\/ted.adventist.org\/news\/wp-json\/wp\/v2\/media?parent=7234"}],"wp:term":[{"taxonomy":"category","embeddable":true,"href":"https:\/\/ted.adventist.org\/news\/wp-json\/wp\/v2\/categories?post=7234"},{"taxonomy":"post_tag","embeddable":true,"href":"https:\/\/ted.adventist.org\/news\/wp-json\/wp\/v2\/tags?post=7234"}],"curies":[{"name":"wp","href":"https:\/\/api.w.org\/{rel}","templated":true}]}}