{"id":2903,"date":"2016-08-18T20:07:42","date_gmt":"2016-08-18T20:07:42","guid":{"rendered":"https:\/\/ted.adventist.org\/sitenews\/2016\/08\/18\/faith-and-science-field-conference-instils-confidence-builds-networks-for-adventist-teachers\/"},"modified":"2016-08-18T20:07:42","modified_gmt":"2016-08-18T20:07:42","slug":"faith-and-science-field-conference-instils-confidence-builds-networks-for-adventist-teachers","status":"publish","type":"post","link":"https:\/\/ted.adventist.org\/news\/faith-and-science-field-conference-instils-confidence-builds-networks-for-adventist-teachers\/","title":{"rendered":"Faith and Science Field Conference instils confidence, builds networks for Adventist teachers"},"content":{"rendered":"<p><a href=\"https:\/\/ted.adventist.org\/sitenews\/wp-content\/uploads\/2016\/08\/images_news_Group-photo.jpg\" target=\"_blank\" rel=\"noopener\"><img loading=\"lazy\" decoding=\"async\" class=\" alignright size-full wp-image-2874\" style=\"margin: 5px; float: right;\" title=\"Delegates pose for a photo in front of the memorial wreakage of a bridge destroyed by glacial flood water following a volcanic eruption\" src=\"https:\/\/ted.adventist.org\/sitenews\/wp-content\/uploads\/2016\/08\/images_news_Group-photo.jpg\" alt=\"Group photo\" width=\"300\" height=\"169\" srcset=\"https:\/\/ted.adventist.org\/news\/wp-content\/uploads\/2016\/08\/images_news_Group-photo.jpg 1200w, https:\/\/ted.adventist.org\/news\/wp-content\/uploads\/2016\/08\/images_news_Group-photo-300x169.jpg 300w, https:\/\/ted.adventist.org\/news\/wp-content\/uploads\/2016\/08\/images_news_Group-photo-1024x576.jpg 1024w, https:\/\/ted.adventist.org\/news\/wp-content\/uploads\/2016\/08\/images_news_Group-photo-768x432.jpg 768w, https:\/\/ted.adventist.org\/news\/wp-content\/uploads\/2016\/08\/images_news_Group-photo-500x280.jpg 500w, https:\/\/ted.adventist.org\/news\/wp-content\/uploads\/2016\/08\/images_news_Group-photo-800x450.jpg 800w, https:\/\/ted.adventist.org\/news\/wp-content\/uploads\/2016\/08\/images_news_Group-photo-1100x619.jpg 1100w, https:\/\/ted.adventist.org\/news\/wp-content\/uploads\/2016\/08\/images_news_Group-photo-350x197.jpg 350w, https:\/\/ted.adventist.org\/news\/wp-content\/uploads\/2016\/08\/images_news_Group-photo-700x394.jpg 700w, https:\/\/ted.adventist.org\/news\/wp-content\/uploads\/2016\/08\/images_news_Group-photo-900x506.jpg 900w, https:\/\/ted.adventist.org\/news\/wp-content\/uploads\/2016\/08\/images_news_Group-photo-560x315.jpg 560w\" sizes=\"auto, (max-width: 300px) 100vw, 300px\" \/><\/a>18 August 2016 | Hl\u00ed\u00f0ardalssk\u00f3li, Iceland [Victor Hulbert]&nbsp; Until Tuesday, 9 August, most of the 75 delegates at the European Faith and Science Conference would have supposed that lava was only lava \u2013 the molten rock that flows out of volcanos destroying everything in its path. Now they are wiser \u2013 after all, spending a week on an island composed almost entirely of lava can quickly make you an expert, especially when accompanied by a local geologist.<\/p>\n<p>Seventy-five teachers, scientists, pastors and a large group of students travelled to Iceland, staying at the Adventist Church\u2019s former boarding school, Hl\u00ed\u00f0ardalssk\u00f3li, now run as a retreat centre for groups both in Iceland, across Scandinavia and more recently the UK. From 9 \u2013 16 August they listened to lectures on issues of geology, biology and theology, asked the deep questions on problems surrounding creation and evolution, and went on field trips to discover the effects of both glaciation and volcanic activity. Delegates studied rock formations, looked at strata, identified whether the vast lava fields were pahoehoe, a\u2019a\u2019, or some intermediate forms, and discovered first-hand the challenges and beauty caused by living on a volcanic island that straddles the North-Atlantic ridge.<\/p>\n<p><iframe loading=\"lazy\" title=\"Faith &amp; Science Field Conference 2016 - Iceland\" width=\"500\" height=\"281\" src=\"https:\/\/www.youtube.com\/embed\/sQQtBSBQ1TI?feature=oembed\" frameborder=\"0\" allow=\"accelerometer; autoplay; clipboard-write; encrypted-media; gyroscope; picture-in-picture; web-share\" referrerpolicy=\"strict-origin-when-cross-origin\" allowfullscreen><\/iframe><\/p>\n<p>It may have been something to do with the unique nature and beauty of the Icelandic countryside, but event organiser, L James Gibson, director of the <a href=\"http:\/\/grisda.org\/\" target=\"_blank\" rel=\"noopener\">GeoScience Research Institute (GRI)<\/a>, found it easy to attract one of the largest groups of experts he had ever had to a GRI Field Conference outside of North America. In addition to an enthusiastic and knowledgeable local geologist, 14 experts lectured on subjects such as plate tectonics, fossils and the geologic column, or on practical subjects that directly impact the classroom.<\/p>\n<p><a href=\"https:\/\/ted.adventist.org\/sitenews\/wp-content\/uploads\/2016\/08\/images_news_Noemi_Duran.jpg\" target=\"_blank\" rel=\"noopener\"><img loading=\"lazy\" decoding=\"async\" class=\" alignright size-full wp-image-2880\" style=\"margin: 5px; float: right;\" title=\"Noemi Duran, recently appointed director for GRI Europe\" src=\"https:\/\/ted.adventist.org\/sitenews\/wp-content\/uploads\/2016\/08\/images_news_Noemi_Duran.jpg\" alt=\"Noemi Duran\" width=\"300\" height=\"200\" srcset=\"https:\/\/ted.adventist.org\/news\/wp-content\/uploads\/2016\/08\/images_news_Noemi_Duran.jpg 1200w, https:\/\/ted.adventist.org\/news\/wp-content\/uploads\/2016\/08\/images_news_Noemi_Duran-300x200.jpg 300w, https:\/\/ted.adventist.org\/news\/wp-content\/uploads\/2016\/08\/images_news_Noemi_Duran-1024x683.jpg 1024w, https:\/\/ted.adventist.org\/news\/wp-content\/uploads\/2016\/08\/images_news_Noemi_Duran-768x512.jpg 768w, https:\/\/ted.adventist.org\/news\/wp-content\/uploads\/2016\/08\/images_news_Noemi_Duran-350x233.jpg 350w, https:\/\/ted.adventist.org\/news\/wp-content\/uploads\/2016\/08\/images_news_Noemi_Duran-700x467.jpg 700w, https:\/\/ted.adventist.org\/news\/wp-content\/uploads\/2016\/08\/images_news_Noemi_Duran-900x600.jpg 900w, https:\/\/ted.adventist.org\/news\/wp-content\/uploads\/2016\/08\/images_news_Noemi_Duran-1100x733.jpg 1100w, https:\/\/ted.adventist.org\/news\/wp-content\/uploads\/2016\/08\/images_news_Noemi_Duran-560x373.jpg 560w\" sizes=\"auto, (max-width: 300px) 100vw, 300px\" \/><\/a>Ra\u00fal Esperante, a GRI palaeontologist, took a close look at evolution in school text books and demonstrated how they often hung on to old models that were not even recognised by modern evolutionary science. Noemi Duran, recently appointed as the GRI representative for Europe, bubbled with enthusiasm as she shared how the positive values of a Creationist world-view can undergird many aspects of learning in school, church and home.<\/p>\n<p>Suzanne Phillips, chair of Earth and Biological Sciences at Loma Linda University, dug down into molecular structure and looked at how the minute machines within the molecule point to a creator. \u201cEvery time I learn about a new process I really feel I learn something new about God,\u201d she stated. As a biologist she claims she has the privilege of \u201cstudying about God more than any theologian!\u201d<\/p>\n<p><a href=\"https:\/\/ted.adventist.org\/sitenews\/wp-content\/uploads\/2016\/08\/images_news_Iceland-montage.jpg\" target=\"_blank\" rel=\"noopener\"><img decoding=\"async\" class=\" size-full wp-image-2885\" style=\"margin: 5px auto; display: block;\" src=\"https:\/\/ted.adventist.org\/sitenews\/wp-content\/uploads\/2016\/08\/images_news_Iceland-montage.jpg\" alt=\"Iceland montage\" width=\"540\" srcset=\"https:\/\/ted.adventist.org\/news\/wp-content\/uploads\/2016\/08\/images_news_Iceland-montage.jpg 1200w, https:\/\/ted.adventist.org\/news\/wp-content\/uploads\/2016\/08\/images_news_Iceland-montage-300x212.jpg 300w, https:\/\/ted.adventist.org\/news\/wp-content\/uploads\/2016\/08\/images_news_Iceland-montage-1024x724.jpg 1024w, https:\/\/ted.adventist.org\/news\/wp-content\/uploads\/2016\/08\/images_news_Iceland-montage-768x543.jpg 768w, https:\/\/ted.adventist.org\/news\/wp-content\/uploads\/2016\/08\/images_news_Iceland-montage-350x248.jpg 350w, https:\/\/ted.adventist.org\/news\/wp-content\/uploads\/2016\/08\/images_news_Iceland-montage-700x495.jpg 700w, https:\/\/ted.adventist.org\/news\/wp-content\/uploads\/2016\/08\/images_news_Iceland-montage-900x637.jpg 900w, https:\/\/ted.adventist.org\/news\/wp-content\/uploads\/2016\/08\/images_news_Iceland-montage-1100x778.jpg 1100w, https:\/\/ted.adventist.org\/news\/wp-content\/uploads\/2016\/08\/images_news_Iceland-montage-560x396.jpg 560w\" sizes=\"(max-width: 1200px) 100vw, 1200px\" \/><\/a>Research reports, a discussion on radioisotope dating, a theology of creation, Q&amp;A periods, field trips and devotional periods filled delegates days. Did it live up to their expectations?<\/p>\n<p>Nina Bergene, a science teacher at Tyrifjord school in Norway confessed that she arrived somewhat sceptical as to how useful the conference would be. \u201cI wasn\u2019t prepared for the high standard of the scientific data,\u201d she said. \u201cI was a bit critical, but the way they presented the data and the fact that they are so humble when it comes to interpreting the data, that is very good.\u201d<\/p>\n<p><a href=\"https:\/\/ted.adventist.org\/sitenews\/wp-content\/uploads\/2016\/08\/images_news_Leonard_Brand.jpg\" target=\"_blank\" rel=\"noopener\"><img loading=\"lazy\" decoding=\"async\" class=\" alignleft size-full wp-image-2890\" style=\"margin: 5px; float: left;\" title=\"Leonard Brand, a professor of biology and palaeontology at Loma Linda University, shares a research report on bioturbation and time.\" src=\"https:\/\/ted.adventist.org\/sitenews\/wp-content\/uploads\/2016\/08\/images_news_Leonard_Brand.jpg\" alt=\"Leonard Brand\" width=\"300\" height=\"200\" srcset=\"https:\/\/ted.adventist.org\/news\/wp-content\/uploads\/2016\/08\/images_news_Leonard_Brand.jpg 1200w, https:\/\/ted.adventist.org\/news\/wp-content\/uploads\/2016\/08\/images_news_Leonard_Brand-300x200.jpg 300w, https:\/\/ted.adventist.org\/news\/wp-content\/uploads\/2016\/08\/images_news_Leonard_Brand-1024x683.jpg 1024w, https:\/\/ted.adventist.org\/news\/wp-content\/uploads\/2016\/08\/images_news_Leonard_Brand-768x512.jpg 768w, https:\/\/ted.adventist.org\/news\/wp-content\/uploads\/2016\/08\/images_news_Leonard_Brand-350x233.jpg 350w, https:\/\/ted.adventist.org\/news\/wp-content\/uploads\/2016\/08\/images_news_Leonard_Brand-700x467.jpg 700w, https:\/\/ted.adventist.org\/news\/wp-content\/uploads\/2016\/08\/images_news_Leonard_Brand-900x600.jpg 900w, https:\/\/ted.adventist.org\/news\/wp-content\/uploads\/2016\/08\/images_news_Leonard_Brand-1100x733.jpg 1100w, https:\/\/ted.adventist.org\/news\/wp-content\/uploads\/2016\/08\/images_news_Leonard_Brand-560x373.jpg 560w\" sizes=\"auto, (max-width: 300px) 100vw, 300px\" \/><\/a>That humbleness was exemplified by Leonard Brand, a professor of biology and palaeontology at Loma Linda University. He stated, \u201cIf we had all the answers, we would give them to you. We don\u2019t have all the answers, there are many questions, but that is why we keep doing research.\u201d While that is true for creation science, the open discussion was positive, as was equally the comment from Gibson, \u201cThe evolutionist world-view doesn\u2019t have all the answers either. Both world-views have much to discover.\u201d<\/p>\n<p>Mark Szallos-Farkas, a Romanian teacher with an interest in apologetics, stated, \u201cit encouraged me and inspired me to learn more about these things.\u201d Norwegian teacher, Rene Havstein, appreciated just being able to \u201ctalk with scientists and people who know a whole lot more than me and also believe in the Bible.\u201d Hungarian geologist, Judith Horvat, was grateful to be at the event as, she confessed, she has little opportunity to interact on the subject in her home country. \u201cI think it is really important to see that as a geologist you can be a Christian,\u201d she said.<\/p>\n<p><a href=\"https:\/\/ted.adventist.org\/sitenews\/wp-content\/uploads\/2016\/08\/images_news_Ruben_Maria_Sagunto.jpg\" target=\"_blank\" rel=\"noopener\"><img loading=\"lazy\" decoding=\"async\" class=\" alignright size-full wp-image-2894\" style=\"margin: 5px; float: right;\" title=\"Ruben and Maria, science teachers at Sagunto College, Spain, were especially thrilled by the field trips.\" src=\"https:\/\/ted.adventist.org\/sitenews\/wp-content\/uploads\/2016\/08\/images_news_Ruben_Maria_Sagunto.jpg\" alt=\"Ruben Maria Sagunto\" width=\"300\" height=\"169\" srcset=\"https:\/\/ted.adventist.org\/news\/wp-content\/uploads\/2016\/08\/images_news_Ruben_Maria_Sagunto.jpg 1200w, https:\/\/ted.adventist.org\/news\/wp-content\/uploads\/2016\/08\/images_news_Ruben_Maria_Sagunto-300x169.jpg 300w, https:\/\/ted.adventist.org\/news\/wp-content\/uploads\/2016\/08\/images_news_Ruben_Maria_Sagunto-1024x576.jpg 1024w, https:\/\/ted.adventist.org\/news\/wp-content\/uploads\/2016\/08\/images_news_Ruben_Maria_Sagunto-768x432.jpg 768w, https:\/\/ted.adventist.org\/news\/wp-content\/uploads\/2016\/08\/images_news_Ruben_Maria_Sagunto-500x280.jpg 500w, https:\/\/ted.adventist.org\/news\/wp-content\/uploads\/2016\/08\/images_news_Ruben_Maria_Sagunto-800x450.jpg 800w, https:\/\/ted.adventist.org\/news\/wp-content\/uploads\/2016\/08\/images_news_Ruben_Maria_Sagunto-1100x619.jpg 1100w, https:\/\/ted.adventist.org\/news\/wp-content\/uploads\/2016\/08\/images_news_Ruben_Maria_Sagunto-350x197.jpg 350w, https:\/\/ted.adventist.org\/news\/wp-content\/uploads\/2016\/08\/images_news_Ruben_Maria_Sagunto-700x394.jpg 700w, https:\/\/ted.adventist.org\/news\/wp-content\/uploads\/2016\/08\/images_news_Ruben_Maria_Sagunto-900x506.jpg 900w, https:\/\/ted.adventist.org\/news\/wp-content\/uploads\/2016\/08\/images_news_Ruben_Maria_Sagunto-560x315.jpg 560w\" sizes=\"auto, (max-width: 300px) 100vw, 300px\" \/><\/a>A husband and wife team, Ruben and Maria, from Sagunto Adventist College in Spain, both appreciated the meeting of minds during the conference, and the practical nature of the field trips. They have something positive to take back to their students. The same was true for Sharon Sinclair, a teacher at Stanborough School, England. She was delighted for increased scientific evidence that she could share with her students, that \u201cGod did indeed create our world.\u201d<\/p>\n<p>\u201cI think the importance of having a group like this together, and being able to interact and discuss the issues openly, freely, and express our views, this is without parallel,\u201d states Arthur Chadwick, a professor of biology and geology at Southwestern Adventist University, Texas. Artur Stele agrees. As a Vice-President of the Seventh-day Adventist World Church he is proud of the scholars he sees who are constantly involved in research. He sees great benefits in a Field Conference that brings together these scholars with Adventist teachers and pastors, sharing research, allowing for questions, and perhaps even stimulating ideas for further research.<\/p>\n<p><a href=\"https:\/\/ted.adventist.org\/sitenews\/wp-content\/uploads\/2016\/08\/images_news_Elias.jpg\" target=\"_blank\" rel=\"noopener\"><img decoding=\"async\" class=\" alignleft size-full wp-image-2897\" style=\"margin: 5px; float: left;\" title=\"El\u00edas Theod\u00f3rsson is part of the 3 family consortium that have a vision for Hl\u00ed\u00f0ardalssk\u00f3li, moving to the school site and volunteering their time to maintain and develop this stunning, rural site. \" src=\"https:\/\/ted.adventist.org\/sitenews\/wp-content\/uploads\/2016\/08\/images_news_Elias.jpg\" alt=\"Elias\" width=\"300\" srcset=\"https:\/\/ted.adventist.org\/news\/wp-content\/uploads\/2016\/08\/images_news_Elias.jpg 1200w, https:\/\/ted.adventist.org\/news\/wp-content\/uploads\/2016\/08\/images_news_Elias-300x169.jpg 300w, https:\/\/ted.adventist.org\/news\/wp-content\/uploads\/2016\/08\/images_news_Elias-1024x576.jpg 1024w, https:\/\/ted.adventist.org\/news\/wp-content\/uploads\/2016\/08\/images_news_Elias-768x432.jpg 768w, https:\/\/ted.adventist.org\/news\/wp-content\/uploads\/2016\/08\/images_news_Elias-500x280.jpg 500w, https:\/\/ted.adventist.org\/news\/wp-content\/uploads\/2016\/08\/images_news_Elias-800x450.jpg 800w, https:\/\/ted.adventist.org\/news\/wp-content\/uploads\/2016\/08\/images_news_Elias-1100x619.jpg 1100w, https:\/\/ted.adventist.org\/news\/wp-content\/uploads\/2016\/08\/images_news_Elias-350x197.jpg 350w, https:\/\/ted.adventist.org\/news\/wp-content\/uploads\/2016\/08\/images_news_Elias-700x394.jpg 700w, https:\/\/ted.adventist.org\/news\/wp-content\/uploads\/2016\/08\/images_news_Elias-900x506.jpg 900w, https:\/\/ted.adventist.org\/news\/wp-content\/uploads\/2016\/08\/images_news_Elias-560x315.jpg 560w\" sizes=\"(max-width: 1200px) 100vw, 1200px\" \/><\/a>The local hosts of the Conference at the former Adventist boarding school were also delighted. Three families moved to Hl\u00ed\u00f0ardalssk\u00f3li, 45km (30 miles) east of Reykjavik, in 1999, after the school finally had to close. While the changing education environment in Iceland forced the change, the families volunteered their time and invested their own finances to keep the place open as a retreat venue for groups, both from within Iceland and from abroad. This was the largest group they had hosted, but they were overwhelmed with the thanks they received for the quality, home-baked, plant-based menu, the friendliness, and the care they provided \u2013 all with a smile on their faces.<\/p>\n<p>\u201cWhere else can you go where you get totally unpolluted spring water in your taps, a quiet, stunningly beautiful environment, geothermal heating, and a relaxed atmosphere for worship and learning \u2013 close to magnificent beauty spots,\u201d stated one of the hosts, El\u00edas Theod\u00f3rsson. \u201cI would not hesitate to come here again,\u201d enthused Gibson. Both in terms of learning and environment, all the delegates would agree.<\/p>\n<p>To find out more about GRI, downloadable resources and future field conferences, visit their website. <a href=\"http:\/\/grisda.org\" target=\"_blank\" rel=\"noopener\">http:\/\/grisda.org<\/a>. To make enquires about booking Hl\u00ed\u00f0ardalssk\u00f3li for your retreat, conference or youth event email Eric Gu\u00f0mundsson: <a href=\"mailto:eric@adventistar.is\">eric@adventistar.is<\/a>. Several picture galleries of the Conference can be seen on the <a href=\"https:\/\/www.facebook.com\/TransEuropeanDivision\/\" target=\"_blank\" rel=\"noopener\">Trans-European Division Facebook page<\/a>. [<em>ted<\/em>NEWS]<\/p>\n<hr \/>\n<p><em>ted<\/em>NEWS Staff: Victor Hulbert, director; Esti Pujic, editor<\/p>\n<p>119 St Peter&#8217;s Street, St Albans, Herts, AL1 3EY, England<br \/>E-mail:&nbsp;<span id=\"cloakc1f706ea3b5bad5a485baf6c5e7c606f\"><a href=\"mailto:tednews@ted.adventist.org\">tednews@ted.adventist.org<\/a><\/span><br \/>Website: www.ted.adventist.org<\/p>\n<p><em>ted<\/em>NEWS is an information bulletin issued by the communication department of the Seventh-day Adventist Church in the Trans-European Division.<br \/>You are free to re-print any portion of the bulletin without need for special permission. However, we kindly request that you identify&nbsp;<em>ted<\/em>NEWS whenever you publish these materials.<\/p>\n","protected":false},"excerpt":{"rendered":"<p><a href=\"https:\/\/ted.adventist.org\/sitenews\/wp-content\/uploads\/2016\/08\/images_news_Group-photo.jpg\" target=\"_blank\" rel=\"noopener\"><img loading=\"lazy\" decoding=\"async\" class=\" alignright size-full wp-image-2874\" style=\"margin: 5px; float: right;\" title=\"Delegates pose for a photo in front of the memorial wreakage of a bridge destroyed by glacial flood water following a volcanic eruption\" src=\"https:\/\/ted.adventist.org\/sitenews\/wp-content\/uploads\/2016\/08\/images_news_Group-photo.jpg\" alt=\"Group photo\" width=\"300\" height=\"169\" srcset=\"https:\/\/ted.adventist.org\/news\/wp-content\/uploads\/2016\/08\/images_news_Group-photo.jpg 1200w, https:\/\/ted.adventist.org\/news\/wp-content\/uploads\/2016\/08\/images_news_Group-photo-300x169.jpg 300w, https:\/\/ted.adventist.org\/news\/wp-content\/uploads\/2016\/08\/images_news_Group-photo-1024x576.jpg 1024w, https:\/\/ted.adventist.org\/news\/wp-content\/uploads\/2016\/08\/images_news_Group-photo-768x432.jpg 768w, https:\/\/ted.adventist.org\/news\/wp-content\/uploads\/2016\/08\/images_news_Group-photo-500x280.jpg 500w, https:\/\/ted.adventist.org\/news\/wp-content\/uploads\/2016\/08\/images_news_Group-photo-800x450.jpg 800w, https:\/\/ted.adventist.org\/news\/wp-content\/uploads\/2016\/08\/images_news_Group-photo-1100x619.jpg 1100w, https:\/\/ted.adventist.org\/news\/wp-content\/uploads\/2016\/08\/images_news_Group-photo-350x197.jpg 350w, https:\/\/ted.adventist.org\/news\/wp-content\/uploads\/2016\/08\/images_news_Group-photo-700x394.jpg 700w, https:\/\/ted.adventist.org\/news\/wp-content\/uploads\/2016\/08\/images_news_Group-photo-900x506.jpg 900w, https:\/\/ted.adventist.org\/news\/wp-content\/uploads\/2016\/08\/images_news_Group-photo-560x315.jpg 560w\" sizes=\"auto, (max-width: 300px) 100vw, 300px\" \/><\/a>18 August 2016 | Hl\u00ed\u00f0ardalssk\u00f3li, Iceland [Victor Hulbert]&nbsp; Until Tuesday, 9 August, most of the 75 delegates at the European Faith and Science Conference would have supposed that lava was only lava \u2013 the molten rock that flows out of volcanos destroying everything in its path. Now they are wiser \u2013 after all, spending a week on an island composed almost entirely of lava can quickly make you an expert, especially when accompanied by a local geologist.<\/p>\n","protected":false},"author":3,"featured_media":2873,"comment_status":"open","ping_status":"open","sticky":false,"template":"","format":"standard","meta":{"inline_featured_image":false,"footnotes":""},"categories":[1569,1570,1571,1587,7],"tags":[93],"class_list":["post-2903","post","type-post","status-publish","format-standard","has-post-thumbnail","hentry","category-communication-media-technology","category-discipleship-spiritual-growth","category-education-educational-entities","category-iceland","category-news","tag-iceland"],"_links":{"self":[{"href":"https:\/\/ted.adventist.org\/news\/wp-json\/wp\/v2\/posts\/2903","targetHints":{"allow":["GET"]}}],"collection":[{"href":"https:\/\/ted.adventist.org\/news\/wp-json\/wp\/v2\/posts"}],"about":[{"href":"https:\/\/ted.adventist.org\/news\/wp-json\/wp\/v2\/types\/post"}],"author":[{"embeddable":true,"href":"https:\/\/ted.adventist.org\/news\/wp-json\/wp\/v2\/users\/3"}],"replies":[{"embeddable":true,"href":"https:\/\/ted.adventist.org\/news\/wp-json\/wp\/v2\/comments?post=2903"}],"version-history":[{"count":0,"href":"https:\/\/ted.adventist.org\/news\/wp-json\/wp\/v2\/posts\/2903\/revisions"}],"wp:featuredmedia":[{"embeddable":true,"href":"https:\/\/ted.adventist.org\/news\/wp-json\/wp\/v2\/media\/2873"}],"wp:attachment":[{"href":"https:\/\/ted.adventist.org\/news\/wp-json\/wp\/v2\/media?parent=2903"}],"wp:term":[{"taxonomy":"category","embeddable":true,"href":"https:\/\/ted.adventist.org\/news\/wp-json\/wp\/v2\/categories?post=2903"},{"taxonomy":"post_tag","embeddable":true,"href":"https:\/\/ted.adventist.org\/news\/wp-json\/wp\/v2\/tags?post=2903"}],"curies":[{"name":"wp","href":"https:\/\/api.w.org\/{rel}","templated":true}]}}