{"id":21267,"date":"2024-11-29T09:32:54","date_gmt":"2024-11-29T09:32:54","guid":{"rendered":"https:\/\/ted.adventist.org\/news\/?p=21267"},"modified":"2024-11-29T09:34:23","modified_gmt":"2024-11-29T09:34:23","slug":"iranian-delegation-visits-adriatic-union-college-in-croatia","status":"publish","type":"post","link":"https:\/\/ted.adventist.org\/news\/iranian-delegation-visits-adriatic-union-college-in-croatia\/","title":{"rendered":"Iranian Delegation Visits Adriatic Union College in Croatia"},"content":{"rendered":"<p style=\"font-weight: 400;\">06 November 2024 | Maru\u0161evec, Croatia [tedNEWS with Dragutin Matak]<\/p>\n<p style=\"font-weight: 400;\">On 6 November 2024, the Adriatic Union College (Adventisti\u010dko Teolo\u0161ko Visoko U\u010dili\u0161te) in Maru\u0161evec, Croatia, hosted a delegation of religious representatives from the Islamic Republic of Iran. This historic meeting underscored the shared spiritual heritage between the Iranian guests and the Adventist community, highlighting connections rooted in biblical and Persian history.<\/p>\n<p style=\"font-weight: 400;\">The seven-member delegation, representing various religious and governmental institutions, was led by Dr Abdulsalam Karimi, Advisor to the President of Iran on Ethnic Groups and Religious Minorities. In his remarks, Dr Karimi stressed the importance of balanced education and spiritual understanding, noting the lack of these qualities in many global leaders.<\/p>\n<p style=\"font-weight: 400;\"><strong>A Tradition of Dialogue<\/strong><\/p>\n<p>This meeting builds on a series of engagements between Croatian Adventist leaders and Iranian representatives, including a 2016 religious delegation visit to Iran and subsequent meetings in 2017. Reflecting on these opportunities for dialogue, organisers emphasised the importance of patience, trust, and shared spiritual values in fostering meaningful relationships. One of the Iranian representatives noted that such meetings highlight humanity\u2019s shared foundation.<\/p>\n<p><a href=\"https:\/\/ted.adventist.org\/news\/wp-content\/uploads\/2024\/11\/conversation-630.jpg\"><img loading=\"lazy\" decoding=\"async\" class=\"aligncenter size-full wp-image-21269\" src=\"https:\/\/ted.adventist.org\/news\/wp-content\/uploads\/2024\/11\/conversation-630.jpg\" alt=\"\" width=\"630\" height=\"355\" srcset=\"https:\/\/ted.adventist.org\/news\/wp-content\/uploads\/2024\/11\/conversation-630.jpg 630w, https:\/\/ted.adventist.org\/news\/wp-content\/uploads\/2024\/11\/conversation-630-300x169.jpg 300w, https:\/\/ted.adventist.org\/news\/wp-content\/uploads\/2024\/11\/conversation-630-350x197.jpg 350w\" sizes=\"auto, (max-width: 630px) 100vw, 630px\" \/><\/a><\/p>\n<p style=\"font-weight: 400;\">\u201cDuring our meeting, we did not mention political matters even once, nor did we discuss the American presidential elections,\u201d commented Dr Dragutin Matak, a Croatian pastor <a href=\"https:\/\/ted.adventist.org\/news\/adventist-pastor-in-croatia-dragutin-matak-receives-croatian-helsinki-committee-for-human-rights-award-for-2016\/\" target=\"_blank\" rel=\"noopener\">recognised for his work in human rights<\/a> and religious liberty. \u201cThis certainly does not mean that those who believe in God have nothing to say about political events. On the contrary,\u201d he shared, explaining that the model for global leadership is not found in liberal capitalism or authoritarian regimes, \u201cbut in living under the banner of unconditional love, joy, optimism, peace, patience, gentleness, goodness, faithfulness, meekness, and self-control.\u201d<\/p>\n<p>The gathering resonated with biblical themes, drawing parallels between the Persian rulers of antiquity and modern efforts to foster peace and understanding. The Prophet Isaiah\u2019s words about King Cyrus, described as God\u2019s \u201canointed one,\u201d were cited as an example of divine favour extended beyond Jewish rulers. This historical connection served as a reminder of the role faith can play in bridging divides.<\/p>\n<p style=\"font-weight: 400;\">The event also featured contributions from Croatian religious leaders and representatives, including Zlatko Musija, President of the Adriatic Union Conference of the Seventh-day Adventist Church, and Radenko D\u017euver, Dean of the Adriatic Union College.<\/p>\n<p style=\"font-weight: 400;\"><strong>Gifts and Messages of Unity<\/strong><\/p>\n<p style=\"font-weight: 400;\">The meeting concluded with the exchange of gifts, symbolising goodwill and mutual respect. Each Iranian representative received a Persian-language copy of <em>Patriarchs and Prophets<\/em>, written by Adventist pioneer Ellen G. White, and detailing shared biblical history. The delegation expressed appreciation for the chapters dedicated to the life of Abraham. Additionally, the visitors were gifted a picture book of Croatian castles and gardens, a health-focused booklet reflecting Adventist values, and halal-labelled Kra\u0161 Bajadera chocolates, a Croatian delicacy.<\/p>\n<p><a href=\"https:\/\/ted.adventist.org\/news\/wp-content\/uploads\/2024\/11\/gift-630.jpg\"><img loading=\"lazy\" decoding=\"async\" class=\"aligncenter wp-image-21270 size-full\" src=\"https:\/\/ted.adventist.org\/news\/wp-content\/uploads\/2024\/11\/gift-630.jpg\" alt=\"Dr Saeid Khatibzadeh, Iran's Ambassador to Croatia, reciprocated with handcrafted blue vases, emblematic of Iran's rich cultural heritage. His address reflected enthusiasm for the dialogue and gratitude for the hospitality extended by the Adventist community\" width=\"630\" height=\"354\" srcset=\"https:\/\/ted.adventist.org\/news\/wp-content\/uploads\/2024\/11\/gift-630.jpg 630w, https:\/\/ted.adventist.org\/news\/wp-content\/uploads\/2024\/11\/gift-630-300x169.jpg 300w, https:\/\/ted.adventist.org\/news\/wp-content\/uploads\/2024\/11\/gift-630-500x280.jpg 500w, https:\/\/ted.adventist.org\/news\/wp-content\/uploads\/2024\/11\/gift-630-350x197.jpg 350w\" sizes=\"auto, (max-width: 630px) 100vw, 630px\" \/><\/a><\/p>\n<p style=\"font-weight: 400;\">Dr Saeid Khatibzadeh, Iran&#8217;s Ambassador to Croatia, reciprocated with handcrafted blue vases, emblematic of Iran&#8217;s rich cultural heritage. His address reflected enthusiasm for the dialogue and gratitude for the hospitality extended by the Adventist community.<\/p>\n<p style=\"font-weight: 400;\"><strong>Delegation Members<\/strong><\/p>\n<p style=\"font-weight: 400;\">The delegation of religious representatives from the Islamic Republic of Iran included:<\/p>\n<ul style=\"font-weight: 400;\">\n<li>Dr Abdulsalam Karimi, Advisor to the President of Iran on Ethnic Groups and Religious Minorities.<\/li>\n<li>Ms Behshid Barkhordar, a Zoroastrian parliamentarian who shared insights into her community\u2019s ancient religion, rooted in the teachings of Ahura Mazda.<\/li>\n<li>Mr Ara Shaverdian, an Armenian Christian MP, who warmly invited Croatian representatives to visit Iran.<\/li>\n<li>Rabbi Dr Yunus Hamami Lalezar, a leader of Iran\u2019s Jewish community, who has publicly distanced himself from Israeli political actions.<\/li>\n<li>His Excellency Marnerasai Benjamin Mavaneh, Archbishop of the Eastern Assyrian Church, who reconnected with Croatian hosts he had met during a previous visit.<\/li>\n<li>His Excellency Vania Sarkizelham, Bishop of the Chaldean Catholic Church, representing the Eastern Rite.<\/li>\n<li>Ali Asghar Ameri Bafghi, Deputy Director of the Centre for Dialogue of Civilizations and Cultures, who engaged in conversations about shared human and spiritual values.<\/li>\n<\/ul>\n<hr \/>\n<p>[Photos: Zlatko Juki\u0107]<\/p>\n","protected":false},"excerpt":{"rendered":"<p>Fostering dialogue and understanding<\/p>\n","protected":false},"author":6,"featured_media":21268,"comment_status":"closed","ping_status":"closed","sticky":false,"template":"","format":"standard","meta":{"inline_featured_image":false,"footnotes":""},"categories":[1580,1571,7],"tags":[],"class_list":["post-21267","post","type-post","status-publish","format-standard","has-post-thumbnail","hentry","category-albania-croatia-slovenia","category-education-educational-entities","category-news"],"_links":{"self":[{"href":"https:\/\/ted.adventist.org\/news\/wp-json\/wp\/v2\/posts\/21267","targetHints":{"allow":["GET"]}}],"collection":[{"href":"https:\/\/ted.adventist.org\/news\/wp-json\/wp\/v2\/posts"}],"about":[{"href":"https:\/\/ted.adventist.org\/news\/wp-json\/wp\/v2\/types\/post"}],"author":[{"embeddable":true,"href":"https:\/\/ted.adventist.org\/news\/wp-json\/wp\/v2\/users\/6"}],"replies":[{"embeddable":true,"href":"https:\/\/ted.adventist.org\/news\/wp-json\/wp\/v2\/comments?post=21267"}],"version-history":[{"count":6,"href":"https:\/\/ted.adventist.org\/news\/wp-json\/wp\/v2\/posts\/21267\/revisions"}],"predecessor-version":[{"id":21317,"href":"https:\/\/ted.adventist.org\/news\/wp-json\/wp\/v2\/posts\/21267\/revisions\/21317"}],"wp:featuredmedia":[{"embeddable":true,"href":"https:\/\/ted.adventist.org\/news\/wp-json\/wp\/v2\/media\/21268"}],"wp:attachment":[{"href":"https:\/\/ted.adventist.org\/news\/wp-json\/wp\/v2\/media?parent=21267"}],"wp:term":[{"taxonomy":"category","embeddable":true,"href":"https:\/\/ted.adventist.org\/news\/wp-json\/wp\/v2\/categories?post=21267"},{"taxonomy":"post_tag","embeddable":true,"href":"https:\/\/ted.adventist.org\/news\/wp-json\/wp\/v2\/tags?post=21267"}],"curies":[{"name":"wp","href":"https:\/\/api.w.org\/{rel}","templated":true}]}}