{"id":20230,"date":"2024-09-09T11:54:25","date_gmt":"2024-09-09T11:54:25","guid":{"rendered":"https:\/\/ted.adventist.org\/news\/?p=20230"},"modified":"2024-09-10T15:11:25","modified_gmt":"2024-09-10T15:11:25","slug":"hugs-without-borders","status":"publish","type":"post","link":"https:\/\/ted.adventist.org\/news\/hugs-without-borders\/","title":{"rendered":"Hugs Without Borders"},"content":{"rendered":"<p>1 September 2024 Belgrade, Serbia [Du\u0161anka Ran\u010di\u0107 with tedNEWS]<\/p>\n<p>For the second time, Belgrade, Serbia, hosted the European Pastors\u2019 Council (EPC). Themed \u201cEngaged in Mission,\u201d the event took place from 27 to 31 August 2024, bringing together a large number of pastors and Bible workers from across the Trans-European Division (TED). As part of the programme, special attention was given to female pastors and pastoral spouses. They had the opportunity to meet three times during the event to discuss various topics, share challenges, support each other, pray, and network.<\/p>\n<p>The meetings were held in the Atrium Hall at the newly refurbished Sava Centre, which buzzed with activity, welcoming guests with the fresh scent of newly painted walls, plush new carpets, and sparkling floor tiles. In the Atrium Hall, smiles abounded as women pastors and pastoral spouses greeted one another. Their bright summer attire added to the joyful atmosphere. Coming from diverse cultures and backgrounds, and facing similar challenges and blessings, they welcomed each other with open arms, supporting one another through discussion and prayer.<\/p>\n<figure id=\"attachment_20252\" aria-describedby=\"caption-attachment-20252\" style=\"width: 629px\" class=\"wp-caption aligncenter\"><a href=\"https:\/\/ted.adventist.org\/news\/wp-content\/uploads\/2024\/09\/Women-book-630-2.jpg\"><img loading=\"lazy\" decoding=\"async\" class=\"wp-image-20252 size-full\" src=\"https:\/\/ted.adventist.org\/news\/wp-content\/uploads\/2024\/09\/Women-book-630-2.jpg\" alt=\"Co-Authors of \u201cHow Jesus Treated Women\u201d, launched at EPC from left to right: Karen Holford, Maria Tokics, Sonja Kalmbach, Anne Vrcelj and Sharon Platt-McDonald.\" width=\"629\" height=\"354\" srcset=\"https:\/\/ted.adventist.org\/news\/wp-content\/uploads\/2024\/09\/Women-book-630-2.jpg 629w, https:\/\/ted.adventist.org\/news\/wp-content\/uploads\/2024\/09\/Women-book-630-2-300x169.jpg 300w, https:\/\/ted.adventist.org\/news\/wp-content\/uploads\/2024\/09\/Women-book-630-2-500x280.jpg 500w, https:\/\/ted.adventist.org\/news\/wp-content\/uploads\/2024\/09\/Women-book-630-2-350x197.jpg 350w\" sizes=\"auto, (max-width: 629px) 100vw, 629px\" \/><\/a><figcaption id=\"caption-attachment-20252\" class=\"wp-caption-text\">Co-Authors of \u201cHow Jesus Treated Women\u201d, launched at EPC from left to right: Karen Holford, Maria Tokics, Sonja Kalmbach, Anne Vrcelj and Sharon Platt-McDonald.<\/figcaption><\/figure>\n<p><strong><br \/>\nNetworking Time &#8211; First Meeting<br \/>\n<\/strong><br \/>\nDuring the first meeting on Wednesday, 28 August, three topics were introduced. Pastor Karin Wieczorek from the Swedish Union of Churches Conference shared ideas on maintaining and developing close friendships while in ministry. She emphasised the importance of having friends from at least three different groups. \u201cColleagues are valuable friends,\u201d Wieczorek said, adding that \u201cwe should have friends outside the Seventh-day Adventist (SDA) Church, as well as within it.\u201d<\/p>\n<p>Pastor Gry Beate Marley from the Norwegian Union Conference explored how to sustain a healthy relationship with one\u2019s spouse. Being both married to a pastor and a pastor herself, Marley reflected on her family dynamic. She highlighted three major keys: the need to prioritise time together, accept differences, and maintain friendship.<\/p>\n<figure id=\"attachment_20235\" aria-describedby=\"caption-attachment-20235\" style=\"width: 630px\" class=\"wp-caption aligncenter\"><a href=\"https:\/\/ted.adventist.org\/news\/wp-content\/uploads\/2024\/09\/Group-discussion-630.jpg\"><img loading=\"lazy\" decoding=\"async\" class=\"wp-image-20235 size-full\" src=\"https:\/\/ted.adventist.org\/news\/wp-content\/uploads\/2024\/09\/Group-discussion-630.jpg\" alt=\"Anne-May Muller and Gry Beate Marley engaged in good conversation with colleagues.\" width=\"630\" height=\"354\" srcset=\"https:\/\/ted.adventist.org\/news\/wp-content\/uploads\/2024\/09\/Group-discussion-630.jpg 630w, https:\/\/ted.adventist.org\/news\/wp-content\/uploads\/2024\/09\/Group-discussion-630-300x169.jpg 300w, https:\/\/ted.adventist.org\/news\/wp-content\/uploads\/2024\/09\/Group-discussion-630-500x280.jpg 500w, https:\/\/ted.adventist.org\/news\/wp-content\/uploads\/2024\/09\/Group-discussion-630-350x197.jpg 350w\" sizes=\"auto, (max-width: 630px) 100vw, 630px\" \/><\/a><figcaption id=\"caption-attachment-20235\" class=\"wp-caption-text\">Anne-May Muller and Gry Beate Marley engaged in good conversation with colleagues.<\/figcaption><\/figure>\n<p>The third presentation focused on ministerial family life, with its unique set of blessings and challenges, particularly the dual role of being in ministry and a mother. Pastor Kaarina Villa, Ministerial Association Director for the Finland Union of Churches Conference, inspired many attendees with wisdom from her own experience. \u201cPrioritise your children and their well-being and make the Sabbath special for them,\u201d she recommended.<\/p>\n<p>All three topics aligned well with the EPC theme, particularly the aspect of \u201cextending love\u201d to friends, spouses, and children. More than 70 attendees then split into smaller groups for further discussion on the topics and to get to know each other better.<\/p>\n<p><strong>Called to Ministry &#8211;\u00a0Second Meeting<br \/>\n<\/strong><br \/>\nDuring the second meeting, Pastor Guis\u00e8le Berkel-Larmonie from the Netherlands Union of Churches Conference posed the question, \u201cHow do you cope with the current church climate for female pastors?\u201d Drawing inspiration from the book of Judges, she offered insights into Deborah\u2019s call and the recognition she may not have received despite her significant role. \u201cWe each have our own story; we each experience recognition in our own way. Just like Deborah, our story may be misunderstood,\u201d Berkel-Larmonie explained. \u201cWe are all in the ministry because of God\u2019s guidance and love. No experience, good or bad, changes that fact.\u201d She encouraged attendees with the thought that \u201cthe One who called you is the One who will always have your back.\u201d<\/p>\n<p>Once again breaking into discussion groups, attendees talked about their call to ministry, recognition, and how to uphold the pastoral calling through personal, public, financial, or spiritual challenges.<\/p>\n<p><strong>An Ever-present Need &#8211; Third Meeting<br \/>\n<\/strong><br \/>\nThe final meeting on Saturday, 31 August, differed from the previous two. TED President Daniel Duda, TED Executive Secretary Robert Csizmadia, and TED Ministerial Association Director Patrick Johnson joined the meeting to offer their support. \u201cDespite many challenges in your ministry, your presence here is a testament to your resilience,\u201d Johnson said.<\/p>\n<p>He spoke about a study commissioned by TED on the experiences of women in ministry within their territory. He presented the findings and shared proposed recommendations. Additionally, Pastor Csizmadia offered a historical overview of the significant role women have played throughout the development of the SDA Church. After the presentations, they remained to answer questions from attendees.<\/p>\n<p>For many, attending the women pastors\u2019 and pastoral spouses\u2019 meetings was an eye-opening experience. It reinforced the idea that passion for ministry, support, and mutual encouragement know no borders. At the same time, the experiences of various women pastors highlighted surprising differences in their countries\u2019 laws and church policies concerning the awareness, rights, and positions of women in pastoral ministry.<\/p>\n<p>Several pastors, who wished to remain anonymous, agreed that while words of affirmation are important and welcome, more visible support is needed at the conference and local church levels. They felt that this conversation should continue and include conference leaders and male colleagues in the future. \u201cIt feels like these meetings are supposed to make us feel that we are important, empowered, and heard; to make us feel that we have a voice,\u201d one commented. \u201cBut are we? Do we really?\u201d she asked.<\/p>\n<p><strong>The Real Connection<br \/>\n<\/strong><br \/>\nOverall, attendees felt love and respect for one another. New friendships were forged, and old relationships were strengthened. Some described the event as encouraging and refreshing, while others found it healing and peaceful. The majority considered it beneficial and helpful for their ministry. \u201cI felt that I belong,\u201d said Pastor Andrea Szilv\u00e1si-Csizmadia of the Hungarian Union Conference. The whole event \u201cfelt like a hug,\u201d she added.<\/p>\n<p>Pastor Rosemary Lethbridge of the British Union Conference reflected, \u201cWe face similar problems, regardless of which country we are in. All pastors, regardless of their gender, have problems, but we have a unique set of problems.\u201d She added, \u201cHearing that you are not alone is helpful and healing.\u201d Pastor Anne Vrcelj, from the Finland Union of Churches Conference, also added, \u201cYou know that somebody understands.\u201d<\/p>\n<figure id=\"attachment_20255\" aria-describedby=\"caption-attachment-20255\" style=\"width: 629px\" class=\"wp-caption aligncenter\"><a href=\"https:\/\/ted.adventist.org\/news\/wp-content\/uploads\/2024\/09\/Women-in-Pastoral-Ministry-3.jpg\"><img loading=\"lazy\" decoding=\"async\" class=\"wp-image-20255 size-full\" src=\"https:\/\/ted.adventist.org\/news\/wp-content\/uploads\/2024\/09\/Women-in-Pastoral-Ministry-3.jpg\" alt=\"\" width=\"629\" height=\"354\" srcset=\"https:\/\/ted.adventist.org\/news\/wp-content\/uploads\/2024\/09\/Women-in-Pastoral-Ministry-3.jpg 629w, https:\/\/ted.adventist.org\/news\/wp-content\/uploads\/2024\/09\/Women-in-Pastoral-Ministry-3-300x169.jpg 300w, https:\/\/ted.adventist.org\/news\/wp-content\/uploads\/2024\/09\/Women-in-Pastoral-Ministry-3-500x280.jpg 500w, https:\/\/ted.adventist.org\/news\/wp-content\/uploads\/2024\/09\/Women-in-Pastoral-Ministry-3-350x197.jpg 350w\" sizes=\"auto, (max-width: 629px) 100vw, 629px\" \/><\/a><figcaption id=\"caption-attachment-20255\" class=\"wp-caption-text\">Women in ministry &#8211; administrators, chaplains, church planters, counsellors, pastors, professors, and spouses. Each spiritually gifted whatever the ministry &#8211; to build up the church.<\/figcaption><\/figure>\n<p>While the meetings were inspiring, they seemed to raise more questions than could be addressed on the occasion. The need for open conversation and practical, visible support was evident. Yet, attendees bid each other farewell with the hope that something positive might emerge from these discussions in the future.<\/p>\n<p>The networking event provided a much-needed opportunity for real connection among women in ministry. \u201cA more experienced female colleague was in a discussion group with me. It is helpful to talk to someone who has been where you are or has overcome the issues you face,\u201d observed Pastor Lidija Djordjevic Runi\u0107 from the South-East European Union Conference. \u201cWe are all different, and it\u2019s beautiful. We learn from each other, support each other, and cheer each other up,\u201d she concluded.<\/p>\n<hr \/>\n<p>[Photos: James Botha, Adventist Media Exchange CC BY 4.0]<\/p>\n","protected":false},"excerpt":{"rendered":"<p>How Female Pastors and Pastoral Spouses Connected During EPC<\/p>\n","protected":false},"author":6,"featured_media":20255,"comment_status":"closed","ping_status":"closed","sticky":false,"template":"","format":"standard","meta":{"inline_featured_image":false,"footnotes":""},"categories":[1592,7,1577],"tags":[],"class_list":["post-20230","post","type-post","status-publish","format-standard","has-post-thumbnail","hentry","category-bosnia-herzegovina-montenegro-north-macedonia-serbia","category-news","category-organisational-updates"],"_links":{"self":[{"href":"https:\/\/ted.adventist.org\/news\/wp-json\/wp\/v2\/posts\/20230","targetHints":{"allow":["GET"]}}],"collection":[{"href":"https:\/\/ted.adventist.org\/news\/wp-json\/wp\/v2\/posts"}],"about":[{"href":"https:\/\/ted.adventist.org\/news\/wp-json\/wp\/v2\/types\/post"}],"author":[{"embeddable":true,"href":"https:\/\/ted.adventist.org\/news\/wp-json\/wp\/v2\/users\/6"}],"replies":[{"embeddable":true,"href":"https:\/\/ted.adventist.org\/news\/wp-json\/wp\/v2\/comments?post=20230"}],"version-history":[{"count":35,"href":"https:\/\/ted.adventist.org\/news\/wp-json\/wp\/v2\/posts\/20230\/revisions"}],"predecessor-version":[{"id":20421,"href":"https:\/\/ted.adventist.org\/news\/wp-json\/wp\/v2\/posts\/20230\/revisions\/20421"}],"wp:featuredmedia":[{"embeddable":true,"href":"https:\/\/ted.adventist.org\/news\/wp-json\/wp\/v2\/media\/20255"}],"wp:attachment":[{"href":"https:\/\/ted.adventist.org\/news\/wp-json\/wp\/v2\/media?parent=20230"}],"wp:term":[{"taxonomy":"category","embeddable":true,"href":"https:\/\/ted.adventist.org\/news\/wp-json\/wp\/v2\/categories?post=20230"},{"taxonomy":"post_tag","embeddable":true,"href":"https:\/\/ted.adventist.org\/news\/wp-json\/wp\/v2\/tags?post=20230"}],"curies":[{"name":"wp","href":"https:\/\/api.w.org\/{rel}","templated":true}]}}