{"id":18161,"date":"2024-04-17T14:29:18","date_gmt":"2024-04-17T14:29:18","guid":{"rendered":"https:\/\/ted.adventist.org\/news\/?p=18161"},"modified":"2024-04-22T18:24:04","modified_gmt":"2024-04-22T18:24:04","slug":"thinking-critically","status":"publish","type":"post","link":"https:\/\/ted.adventist.org\/news\/thinking-critically\/","title":{"rendered":"Thinking Critically"},"content":{"rendered":"<p style=\"font-weight: 400;\">11 February 2023 | Szeged, Hungary [Krist\u00f3f Palot\u00e1s with <em>tedNEWS<\/em>]<\/p>\n<p style=\"font-weight: 400;\">More than 400 attendees gathered for the Christian Science Youth Conference in Szeged, Hungary. Organised by the Youth Ministries and Health Ministries departments of the Seventh-day Adventist Church in Hungary, the event aimed to spark engaging conversations among young believers on faith, science, and adopting a healthy lifestyle.<\/p>\n<p style=\"font-weight: 400;\">Experienced speakers and young professionals took the stage at the Department of Education and Information Centre of the University of Szeged, delving into topics that explored the interplay between faith and science under the theme &#8220;healthy faith, science, and lifestyle.&#8221; Alongside the plenary sessions, vibrant panel discussions encouraged active participation from the youth, fostering an atmosphere of free exchange. Evenings provided valuable opportunities for networking and camaraderie.<\/p>\n<figure id=\"attachment_18163\" aria-describedby=\"caption-attachment-18163\" style=\"width: 630px\" class=\"wp-caption aligncenter\"><a href=\"https:\/\/ted.adventist.org\/news\/wp-content\/uploads\/2024\/04\/Daniel-630.jpg\"><img loading=\"lazy\" decoding=\"async\" class=\"wp-image-18163 size-full\" src=\"https:\/\/ted.adventist.org\/news\/wp-content\/uploads\/2024\/04\/Daniel-630.jpg\" alt=\"Daniel Duda at the Christian Science Youth Conference in Szeged, Hungary\" width=\"630\" height=\"354\" srcset=\"https:\/\/ted.adventist.org\/news\/wp-content\/uploads\/2024\/04\/Daniel-630.jpg 630w, https:\/\/ted.adventist.org\/news\/wp-content\/uploads\/2024\/04\/Daniel-630-300x169.jpg 300w, https:\/\/ted.adventist.org\/news\/wp-content\/uploads\/2024\/04\/Daniel-630-500x280.jpg 500w, https:\/\/ted.adventist.org\/news\/wp-content\/uploads\/2024\/04\/Daniel-630-350x197.jpg 350w\" sizes=\"auto, (max-width: 630px) 100vw, 630px\" \/><\/a><figcaption id=\"caption-attachment-18163\" class=\"wp-caption-text\">&#8220;If you want a healthy faith, ask questions,&#8221; said president Daniel Duda.<\/figcaption><\/figure>\n<p style=\"font-weight: 400;\">During his Sabbath morning presentation, Daniel Duda, president of the Trans-European Division (TED), stressed, &#8220;If you want a healthy faith, ask questions.&#8221; Reflecting on the conference, he expressed his pride in the Hungarian Union and the organisers for bringing together such a gathering. \u201cOn behalf of the TED, I would like to extend my thanks. I am very grateful to the event organisers, as this marks the third consecutive year that scientifically minded young people from the church have been able to gather.\u201d<\/p>\n<figure id=\"attachment_18166\" aria-describedby=\"caption-attachment-18166\" style=\"width: 630px\" class=\"wp-caption aligncenter\"><a href=\"https:\/\/ted.adventist.org\/news\/wp-content\/uploads\/2024\/04\/Event-630.jpg\"><img loading=\"lazy\" decoding=\"async\" class=\"wp-image-18166 size-full\" src=\"https:\/\/ted.adventist.org\/news\/wp-content\/uploads\/2024\/04\/Event-630.jpg\" alt=\"The Christian Science Youth Conference in Szeged, Hungary\" width=\"630\" height=\"355\" srcset=\"https:\/\/ted.adventist.org\/news\/wp-content\/uploads\/2024\/04\/Event-630.jpg 630w, https:\/\/ted.adventist.org\/news\/wp-content\/uploads\/2024\/04\/Event-630-300x169.jpg 300w, https:\/\/ted.adventist.org\/news\/wp-content\/uploads\/2024\/04\/Event-630-350x197.jpg 350w\" sizes=\"auto, (max-width: 630px) 100vw, 630px\" \/><\/a><figcaption id=\"caption-attachment-18166\" class=\"wp-caption-text\">The event took place from 9 &#8211; 11 February at the J\u00f3zsef Attila Department of Education and Information Centre of the University of Szeged.<\/figcaption><\/figure>\n<p style=\"font-weight: 400;\">\u201cThanks to Tam\u00e1s \u00d3csai, Union President, Dr Ren\u00e1ta Zolyomi, Union Treasurer, and Dr Tibor Tonhaizer, Rector of the Adventist Theological College, for supporting this event with their presence,\u201d said Krist\u00f3f Palot\u00e1s, Hungarian Union Youth director.<\/p>\n<hr \/>\n<p>[Photos: Nikolett Gutveiler].<\/p>\n","protected":false},"excerpt":{"rendered":"<p>Faith, Science, and Lifestyle Explored at the Christian Science Youth Conference<\/p>\n","protected":false},"author":6,"featured_media":18162,"comment_status":"closed","ping_status":"closed","sticky":false,"template":"","format":"standard","meta":{"inline_featured_image":false,"footnotes":""},"categories":[1586,7,1577],"tags":[185],"class_list":["post-18161","post","type-post","status-publish","format-standard","has-post-thumbnail","hentry","category-hungary","category-news","category-organisational-updates","tag-hungary"],"_links":{"self":[{"href":"https:\/\/ted.adventist.org\/news\/wp-json\/wp\/v2\/posts\/18161","targetHints":{"allow":["GET"]}}],"collection":[{"href":"https:\/\/ted.adventist.org\/news\/wp-json\/wp\/v2\/posts"}],"about":[{"href":"https:\/\/ted.adventist.org\/news\/wp-json\/wp\/v2\/types\/post"}],"author":[{"embeddable":true,"href":"https:\/\/ted.adventist.org\/news\/wp-json\/wp\/v2\/users\/6"}],"replies":[{"embeddable":true,"href":"https:\/\/ted.adventist.org\/news\/wp-json\/wp\/v2\/comments?post=18161"}],"version-history":[{"count":8,"href":"https:\/\/ted.adventist.org\/news\/wp-json\/wp\/v2\/posts\/18161\/revisions"}],"predecessor-version":[{"id":18226,"href":"https:\/\/ted.adventist.org\/news\/wp-json\/wp\/v2\/posts\/18161\/revisions\/18226"}],"wp:featuredmedia":[{"embeddable":true,"href":"https:\/\/ted.adventist.org\/news\/wp-json\/wp\/v2\/media\/18162"}],"wp:attachment":[{"href":"https:\/\/ted.adventist.org\/news\/wp-json\/wp\/v2\/media?parent=18161"}],"wp:term":[{"taxonomy":"category","embeddable":true,"href":"https:\/\/ted.adventist.org\/news\/wp-json\/wp\/v2\/categories?post=18161"},{"taxonomy":"post_tag","embeddable":true,"href":"https:\/\/ted.adventist.org\/news\/wp-json\/wp\/v2\/tags?post=18161"}],"curies":[{"name":"wp","href":"https:\/\/api.w.org\/{rel}","templated":true}]}}